{"id":4792,"date":"2025-07-02T00:11:02","date_gmt":"2025-07-02T00:11:02","guid":{"rendered":"https:\/\/appw.pt\/?p=4792"},"modified":"2025-09-03T12:09:26","modified_gmt":"2025-09-03T12:09:26","slug":"2o-gala-solidaria-2025","status":"publish","type":"post","link":"https:\/\/appw.pt\/index.php\/2025\/07\/02\/2o-gala-solidaria-2025\/","title":{"rendered":"2\u00ba Gala Solid\u00e1ria 2025"},"content":{"rendered":"\n<p class=\"has-primary-color has-text-color has-link-color wp-elements-a0b81ec934aaa6d98271231c37d00698\">II Gala Solid\u00e1ria APPW \u2013 Um Espet\u00e1culo de Sonho e Esperan\u00e7a<br>Ap\u00f3s o sucesso da primeira edi\u00e7\u00e3o, a Associa\u00e7\u00e3o Portuguesa de Prader-Willi (APPW) voltou a reunir talentos num evento \u00fanico e emocionante: <strong>a II Gala Solid\u00e1ria APPW<\/strong>.<\/p>\n\n\n\n<p><\/p>\n\n\n\n<p>O espet\u00e1culo realizou-se no <strong>Centro Cultural Olga Cadaval, no Audit\u00f3rio Ac\u00e1cio Barreiros<\/strong>, e proporcionou uma noite memor\u00e1vel, repleta de arte, m\u00fasica e emo\u00e7\u00e3o. Com atua\u00e7\u00f5es de prestigiados m\u00fasicos, bailarinos e outros artistas, esta gala teve como principal objetivo <strong>angariar fundos para apoiar todas as pessoas que vivem com a S\u00edndrome de Prader-Willi e as suas fam\u00edlias<\/strong>.<\/p>\n\n\n\n<p>Toda a receita obtida com este evento reverteu, na totalidade, para a <strong>APPW \u2013 Associa\u00e7\u00e3o Portuguesa de Prader-Willi<\/strong>, permitindo que a associa\u00e7\u00e3o continue a sua miss\u00e3o de sensibiliza\u00e7\u00e3o, apoio e acompanhamento a quem enfrenta esta condi\u00e7\u00e3o rara.<\/p>\n\n\n\n<p><strong>Foi uma noite especial que mostrou como a arte e a solidariedade podem transformar vidas.<\/strong><\/p>\n\n\n\n<p class=\"has-primary-color has-text-color has-link-color wp-elements-1eea6bed3cbcc929b1f9b2c12ed1f130\"><strong>Porque juntos somos mais fortes!<\/strong><\/p>\n\n\n\n<p><\/p>\n\n\n\n<figure class=\"wp-block-video\"><video height=\"1080\" style=\"aspect-ratio: 1920 \/ 1080;\" width=\"1920\" controls src=\"https:\/\/appw.pt\/wp-content\/uploads\/2025\/07\/202505272313.mp4\"><\/video><\/figure>\n\n\n\n<p><\/p>\n","protected":false},"excerpt":{"rendered":"<p>II Gala Solid\u00e1ria APPW \u2013 Um Espet\u00e1culo de Sonho e Esperan\u00e7a<br \/>\nAp\u00f3s o sucesso da primeira GALA SOLIDARIA, a Associa\u00e7\u00e3o Portuguesa de Prader-Willi (APPW) volta a reunir talentos num evento \u00fanico e emocionante: A II Gala Solid\u00e1ria APPW.<\/p>\n<p>Este ano, o espet\u00e1culo realiza-se no Centro Cultural Olga Cadaval, no Audit\u00f3rio Ac\u00e1cio Barreiros, e promete uma noite memor\u00e1vel repleta de arte, m\u00fasica e emo\u00e7\u00e3o. Com atua\u00e7\u00f5es de prestigiados m\u00fasicos, bailarinos e outros artistas, esta gala tem como principal objetivo angariar fundos para apoiar todas as pessoas que vivem com a S\u00edndrome de Prader-Willi e as suas fam\u00edlias.<\/p>\n<p>Toda a receita obtida com este evento reverter\u00e1, na totalidade, para a APPW- Associa\u00e7\u00e3o Portuguesa de Prader Willi , permitindo que a associa\u00e7\u00e3o continue a sua miss\u00e3o de sensibiliza\u00e7\u00e3o, apoio e acompanhamento a quem enfrenta esta condi\u00e7\u00e3o rara.<\/p>\n<p>Junte-se a n\u00f3s nesta noite especial e ajude-nos a transformar vidas atrav\u00e9s da arte e da solidariedade.<\/p>\n<p>Porque juntos somos mais fortes!<\/p>\n","protected":false},"author":4,"featured_media":4796,"comment_status":"open","ping_status":"open","sticky":false,"template":"","format":"standard","meta":{"footnotes":""},"categories":[18,21],"tags":[42],"class_list":["post-4792","post","type-post","status-publish","format-standard","has-post-thumbnail","hentry","category-photos","category-videos","tag-hideonblog"],"featured_image_src":{"landsacpe":["https:\/\/appw.pt\/wp-content\/uploads\/2025\/07\/Imagem-WhatsApp-2025-07-02-as-01.01.05_70782c43-1-1140x445.jpg",1140,445,true],"list":["https:\/\/appw.pt\/wp-content\/uploads\/2025\/07\/Imagem-WhatsApp-2025-07-02-as-01.01.05_70782c43-1-463x348.jpg",463,348,true],"medium":["https:\/\/appw.pt\/wp-content\/uploads\/2025\/07\/Imagem-WhatsApp-2025-07-02-as-01.01.05_70782c43-1-300x200.jpg",300,200,true],"full":["https:\/\/appw.pt\/wp-content\/uploads\/2025\/07\/Imagem-WhatsApp-2025-07-02-as-01.01.05_70782c43-1.jpg",1600,1064,false]},"_links":{"self":[{"href":"https:\/\/appw.pt\/index.php\/wp-json\/wp\/v2\/posts\/4792","targetHints":{"allow":["GET"]}}],"collection":[{"href":"https:\/\/appw.pt\/index.php\/wp-json\/wp\/v2\/posts"}],"about":[{"href":"https:\/\/appw.pt\/index.php\/wp-json\/wp\/v2\/types\/post"}],"author":[{"embeddable":true,"href":"https:\/\/appw.pt\/index.php\/wp-json\/wp\/v2\/users\/4"}],"replies":[{"embeddable":true,"href":"https:\/\/appw.pt\/index.php\/wp-json\/wp\/v2\/comments?post=4792"}],"version-history":[{"count":8,"href":"https:\/\/appw.pt\/index.php\/wp-json\/wp\/v2\/posts\/4792\/revisions"}],"predecessor-version":[{"id":6176,"href":"https:\/\/appw.pt\/index.php\/wp-json\/wp\/v2\/posts\/4792\/revisions\/6176"}],"wp:featuredmedia":[{"embeddable":true,"href":"https:\/\/appw.pt\/index.php\/wp-json\/wp\/v2\/media\/4796"}],"wp:attachment":[{"href":"https:\/\/appw.pt\/index.php\/wp-json\/wp\/v2\/media?parent=4792"}],"wp:term":[{"taxonomy":"category","embeddable":true,"href":"https:\/\/appw.pt\/index.php\/wp-json\/wp\/v2\/categories?post=4792"},{"taxonomy":"post_tag","embeddable":true,"href":"https:\/\/appw.pt\/index.php\/wp-json\/wp\/v2\/tags?post=4792"}],"curies":[{"name":"wp","href":"https:\/\/api.w.org\/{rel}","templated":true}]}}